{"id":3145,"date":"2026-04-29T09:52:53","date_gmt":"2026-04-29T07:52:53","guid":{"rendered":"https:\/\/westfach.de\/?p=3145"},"modified":"2026-04-29T09:52:53","modified_gmt":"2026-04-29T07:52:53","slug":"phillip-janta-janta-island","status":"publish","type":"post","link":"https:\/\/westfach.de\/fr\/phillip-janta-janta-island\/","title":{"rendered":"Phillip Janta \/ Janta-Island"},"content":{"rendered":"<p><a href=\"https:\/\/westfach.de\/wp-content\/uploads\/2026\/04\/Janta-Island_Westfach01.jpg\"><img loading=\"lazy\" decoding=\"async\" class=\"alignnone  wp-image-3131\" src=\"https:\/\/westfach.de\/wp-content\/uploads\/2026\/04\/Janta-Island_Westfach01-300x276.jpg\" alt=\"\" width=\"427\" height=\"392\" \/><\/a><\/p>\n<p>Phillip Janta repr\u00e4sentiert und verbindet Grafik und Buchkunst, Typografie und Illustration Made in Leipzig. Seit April 2026 k\u00f6nnen einige seiner Arbeiten im WestFach beschaut und erworben werden. Mehr \u00fcber den den K\u00fcnstler finden Sie hier:<a href=\"https:\/\/westfach.de\/phillip-janta-2\/\"> Janta-Island<\/a><\/p>\n","protected":false},"excerpt":{"rendered":"<p>Phillip Janta repr\u00e4sentiert und verbindet Grafik und Buchkunst, Typografie und Illustration Made in Leipzig. Seit April 2026 k\u00f6nnen einige seiner Arbeiten im WestFach beschaut und erworben werden. Mehr \u00fcber den den K\u00fcnstler finden Sie hier: Janta-Island<\/p>\n","protected":false},"author":2,"featured_media":0,"comment_status":"open","ping_status":"open","sticky":false,"template":"","format":"standard","meta":{"_bbp_topic_count":0,"_bbp_reply_count":0,"_bbp_total_topic_count":0,"_bbp_total_reply_count":0,"_bbp_voice_count":0,"_bbp_anonymous_reply_count":0,"_bbp_topic_count_hidden":0,"_bbp_reply_count_hidden":0,"_bbp_forum_subforum_count":0,"_crdt_document":"","_jetpack_memberships_contains_paid_content":false,"footnotes":""},"categories":[1],"tags":[258,92,98,162,90,365,362,364,360,361,363],"class_list":["post-3145","post","type-post","status-publish","format-standard","hentry","category-allgemein","tag-druck","tag-grafik","tag-leipzig","tag-medien","tag-westfach","tag-bands","tag-buchkunst","tag-cover","tag-janta","tag-phillip","tag-typografie"],"jetpack_featured_media_url":"","jetpack_sharing_enabled":true,"_links":{"self":[{"href":"https:\/\/westfach.de\/fr\/wp-json\/wp\/v2\/posts\/3145","targetHints":{"allow":["GET"]}}],"collection":[{"href":"https:\/\/westfach.de\/fr\/wp-json\/wp\/v2\/posts"}],"about":[{"href":"https:\/\/westfach.de\/fr\/wp-json\/wp\/v2\/types\/post"}],"author":[{"embeddable":true,"href":"https:\/\/westfach.de\/fr\/wp-json\/wp\/v2\/users\/2"}],"replies":[{"embeddable":true,"href":"https:\/\/westfach.de\/fr\/wp-json\/wp\/v2\/comments?post=3145"}],"version-history":[{"count":2,"href":"https:\/\/westfach.de\/fr\/wp-json\/wp\/v2\/posts\/3145\/revisions"}],"predecessor-version":[{"id":3147,"href":"https:\/\/westfach.de\/fr\/wp-json\/wp\/v2\/posts\/3145\/revisions\/3147"}],"wp:attachment":[{"href":"https:\/\/westfach.de\/fr\/wp-json\/wp\/v2\/media?parent=3145"}],"wp:term":[{"taxonomy":"category","embeddable":true,"href":"https:\/\/westfach.de\/fr\/wp-json\/wp\/v2\/categories?post=3145"},{"taxonomy":"post_tag","embeddable":true,"href":"https:\/\/westfach.de\/fr\/wp-json\/wp\/v2\/tags?post=3145"}],"curies":[{"name":"wp","href":"https:\/\/api.w.org\/{rel}","templated":true}]}}