{"id":2409,"date":"2021-09-11T15:27:08","date_gmt":"2021-09-11T13:27:08","guid":{"rendered":"https:\/\/westfach.de\/?p=2409"},"modified":"2021-09-11T15:27:08","modified_gmt":"2021-09-11T13:27:08","slug":"leder-manufaktur-roser","status":"publish","type":"post","link":"https:\/\/westfach.de\/fr\/leder-manufaktur-roser\/","title":{"rendered":"Leder.Manufaktur \u00ab\u00a0ROSER\u00a0\u00bb"},"content":{"rendered":"<p><a href=\"https:\/\/westfach.de\/wp-content\/uploads\/2021\/09\/DSC_6775.jpg\"><img loading=\"lazy\" decoding=\"async\" class=\"alignnone  wp-image-2411\" src=\"https:\/\/westfach.de\/wp-content\/uploads\/2021\/09\/DSC_6775-300x200.jpg\" alt=\"\" width=\"437\" height=\"291\" srcset=\"https:\/\/westfach.de\/wp-content\/uploads\/2021\/09\/DSC_6775-300x200.jpg 300w, https:\/\/westfach.de\/wp-content\/uploads\/2021\/09\/DSC_6775-1024x683.jpg 1024w, https:\/\/westfach.de\/wp-content\/uploads\/2021\/09\/DSC_6775-768x512.jpg 768w, https:\/\/westfach.de\/wp-content\/uploads\/2021\/09\/DSC_6775-1536x1024.jpg 1536w, https:\/\/westfach.de\/wp-content\/uploads\/2021\/09\/DSC_6775.jpg 1600w\" sizes=\"auto, (max-width: 437px) 100vw, 437px\" \/><\/a><\/p>\n<p>Ein gut gef\u00fclltes Sortiment an ledernen Bauchtaschen, G\u00fcrteln und Brieftaschen erwartet unsere G\u00e4ste im September. Die Leipziger Leder.Manufaktur Roser kombiniert edle Materialien, eigene Schnittkreationen und aufwendige Verarbeitung vor Ort und von Hand.<\/p>\n","protected":false},"excerpt":{"rendered":"<p>Ein gut gef\u00fclltes Sortiment an ledernen Bauchtaschen, G\u00fcrteln und Brieftaschen erwartet unsere G\u00e4ste im September. Die Leipziger Leder.Manufaktur Roser kombiniert edle Materialien, eigene Schnittkreationen und aufwendige Verarbeitung vor Ort und von Hand.<\/p>\n","protected":false},"author":2,"featured_media":0,"comment_status":"open","ping_status":"open","sticky":false,"template":"","format":"standard","meta":{"_bbp_topic_count":0,"_bbp_reply_count":0,"_bbp_total_topic_count":0,"_bbp_total_reply_count":0,"_bbp_voice_count":0,"_bbp_anonymous_reply_count":0,"_bbp_topic_count_hidden":0,"_bbp_reply_count_hidden":0,"_bbp_forum_subforum_count":0,"_crdt_document":"","_jetpack_memberships_contains_paid_content":false,"footnotes":""},"categories":[1],"tags":[255,254,108,252,98,256,251,253],"class_list":["post-2409","post","type-post","status-publish","format-standard","hentry","category-allgemein","tag-bauchtaschen","tag-brieftaschen","tag-handmade","tag-leder","tag-leipzig","tag-manufaktur","tag-roser","tag-tabaktaschen"],"jetpack_featured_media_url":"","jetpack_sharing_enabled":true,"_links":{"self":[{"href":"https:\/\/westfach.de\/fr\/wp-json\/wp\/v2\/posts\/2409","targetHints":{"allow":["GET"]}}],"collection":[{"href":"https:\/\/westfach.de\/fr\/wp-json\/wp\/v2\/posts"}],"about":[{"href":"https:\/\/westfach.de\/fr\/wp-json\/wp\/v2\/types\/post"}],"author":[{"embeddable":true,"href":"https:\/\/westfach.de\/fr\/wp-json\/wp\/v2\/users\/2"}],"replies":[{"embeddable":true,"href":"https:\/\/westfach.de\/fr\/wp-json\/wp\/v2\/comments?post=2409"}],"version-history":[{"count":3,"href":"https:\/\/westfach.de\/fr\/wp-json\/wp\/v2\/posts\/2409\/revisions"}],"predecessor-version":[{"id":2416,"href":"https:\/\/westfach.de\/fr\/wp-json\/wp\/v2\/posts\/2409\/revisions\/2416"}],"wp:attachment":[{"href":"https:\/\/westfach.de\/fr\/wp-json\/wp\/v2\/media?parent=2409"}],"wp:term":[{"taxonomy":"category","embeddable":true,"href":"https:\/\/westfach.de\/fr\/wp-json\/wp\/v2\/categories?post=2409"},{"taxonomy":"post_tag","embeddable":true,"href":"https:\/\/westfach.de\/fr\/wp-json\/wp\/v2\/tags?post=2409"}],"curies":[{"name":"wp","href":"https:\/\/api.w.org\/{rel}","templated":true}]}}