{"id":1530,"date":"2017-01-19T20:22:40","date_gmt":"2017-01-19T19:22:40","guid":{"rendered":"https:\/\/westfach.de\/?p=1530"},"modified":"2020-10-08T10:26:16","modified_gmt":"2020-10-08T08:26:16","slug":"karten-aus-der-leschiwelt","status":"publish","type":"post","link":"https:\/\/westfach.de\/fr\/karten-aus-der-leschiwelt\/","title":{"rendered":"Karten aus der \u00ab\u00a0LESCHIWELT\u00a0\u00bb"},"content":{"rendered":"<p><a href=\"https:\/\/westfach.de\/wp-content\/uploads\/2017\/01\/image-1.jpeg\"><img loading=\"lazy\" decoding=\"async\" class=\"alignnone  wp-image-1951\" src=\"https:\/\/westfach.de\/wp-content\/uploads\/2017\/01\/image-1-300x300.jpeg\" alt=\"\" width=\"317\" height=\"317\" srcset=\"https:\/\/westfach.de\/wp-content\/uploads\/2017\/01\/image-1-300x300.jpeg 300w, https:\/\/westfach.de\/wp-content\/uploads\/2017\/01\/image-1-1024x1024.jpeg 1024w, https:\/\/westfach.de\/wp-content\/uploads\/2017\/01\/image-1-150x150.jpeg 150w, https:\/\/westfach.de\/wp-content\/uploads\/2017\/01\/image-1-768x768.jpeg 768w, https:\/\/westfach.de\/wp-content\/uploads\/2017\/01\/image-1.jpeg 1200w\" sizes=\"auto, (max-width: 317px) 100vw, 317px\" \/><\/a><\/p>\n<p>Einen Reigen ausgew\u00e4hlter Karten hat \u00ab\u00a0<a href=\"https:\/\/westfach.de\/nora-leschinski\/\">Leschiwelt\u00a0\u00bb<\/a> ins WestFach geschickt. Selbige Motive k\u00f6nnen aber auch als Relief&rsquo;s aus Eichenholz im Laden oder \u00fcber Noras <a href=\"http:\/\/www.leschiwelt.de\/\">Onlineshop<\/a> erworben werden.<\/p>\n<p><!--more--><\/p>\n<p><a href=\"https:\/\/westfach.de\/wp-content\/uploads\/2017\/01\/il_570xN.641734544_gy43.jpg\"><img loading=\"lazy\" decoding=\"async\" class=\"alignnone  wp-image-1950\" src=\"https:\/\/westfach.de\/wp-content\/uploads\/2017\/01\/il_570xN.641734544_gy43-300x225.jpg\" alt=\"\" width=\"313\" height=\"235\" srcset=\"https:\/\/westfach.de\/wp-content\/uploads\/2017\/01\/il_570xN.641734544_gy43-300x225.jpg 300w, https:\/\/westfach.de\/wp-content\/uploads\/2017\/01\/il_570xN.641734544_gy43.jpg 570w\" sizes=\"auto, (max-width: 313px) 100vw, 313px\" \/><\/a><\/p>\n<p>Ihre Gru\u00dfkarten l\u00e4\u00dft die Illustratorin in einem kleinen<br \/>\nvorerzgebirgischen Familienunternehmen drucken.<\/p>\n<p>&nbsp;<\/p>\n","protected":false},"excerpt":{"rendered":"<p>Einen Reigen ausgew\u00e4hlter Karten hat \u00ab\u00a0Leschiwelt\u00a0\u00bb ins WestFach geschickt. Selbige Motive k\u00f6nnen aber auch als Relief&rsquo;s aus Eichenholz im Laden oder \u00fcber Noras Onlineshop erworben werden.<\/p>\n","protected":false},"author":2,"featured_media":0,"comment_status":"open","ping_status":"open","sticky":false,"template":"","format":"standard","meta":{"_bbp_topic_count":0,"_bbp_reply_count":0,"_bbp_total_topic_count":0,"_bbp_total_reply_count":0,"_bbp_voice_count":0,"_bbp_anonymous_reply_count":0,"_bbp_topic_count_hidden":0,"_bbp_reply_count_hidden":0,"_bbp_forum_subforum_count":0,"_crdt_document":"","_jetpack_memberships_contains_paid_content":false,"footnotes":""},"categories":[1],"tags":[],"class_list":["post-1530","post","type-post","status-publish","format-standard","hentry","category-allgemein"],"jetpack_featured_media_url":"","jetpack_sharing_enabled":true,"_links":{"self":[{"href":"https:\/\/westfach.de\/fr\/wp-json\/wp\/v2\/posts\/1530","targetHints":{"allow":["GET"]}}],"collection":[{"href":"https:\/\/westfach.de\/fr\/wp-json\/wp\/v2\/posts"}],"about":[{"href":"https:\/\/westfach.de\/fr\/wp-json\/wp\/v2\/types\/post"}],"author":[{"embeddable":true,"href":"https:\/\/westfach.de\/fr\/wp-json\/wp\/v2\/users\/2"}],"replies":[{"embeddable":true,"href":"https:\/\/westfach.de\/fr\/wp-json\/wp\/v2\/comments?post=1530"}],"version-history":[{"count":3,"href":"https:\/\/westfach.de\/fr\/wp-json\/wp\/v2\/posts\/1530\/revisions"}],"predecessor-version":[{"id":1952,"href":"https:\/\/westfach.de\/fr\/wp-json\/wp\/v2\/posts\/1530\/revisions\/1952"}],"wp:attachment":[{"href":"https:\/\/westfach.de\/fr\/wp-json\/wp\/v2\/media?parent=1530"}],"wp:term":[{"taxonomy":"category","embeddable":true,"href":"https:\/\/westfach.de\/fr\/wp-json\/wp\/v2\/categories?post=1530"},{"taxonomy":"post_tag","embeddable":true,"href":"https:\/\/westfach.de\/fr\/wp-json\/wp\/v2\/tags?post=1530"}],"curies":[{"name":"wp","href":"https:\/\/api.w.org\/{rel}","templated":true}]}}