{"id":1167,"date":"2016-10-11T20:36:51","date_gmt":"2016-10-11T18:36:51","guid":{"rendered":"https:\/\/westfach.de\/?p=1167"},"modified":"2020-10-17T01:07:53","modified_gmt":"2020-10-16T23:07:53","slug":"back-to-the-westfach","status":"publish","type":"post","link":"https:\/\/westfach.de\/fr\/back-to-the-westfach\/","title":{"rendered":"De retour \u00e0 WestFach"},"content":{"rendered":"<p><a href=\"https:\/\/westfach.de\/wp-content\/uploads\/2016\/05\/vulkanonetti.jpg\"><img loading=\"lazy\" decoding=\"async\" class=\"alignnone wp-image-465\" src=\"https:\/\/westfach.de\/wp-content\/uploads\/2016\/05\/vulkanonetti-300x250.jpg\" alt=\"vulkanonetti\" width=\"348\" height=\"290\" srcset=\"https:\/\/westfach.de\/wp-content\/uploads\/2016\/05\/vulkanonetti-300x250.jpg 300w, https:\/\/westfach.de\/wp-content\/uploads\/2016\/05\/vulkanonetti-768x640.jpg 768w, https:\/\/westfach.de\/wp-content\/uploads\/2016\/05\/vulkanonetti.jpg 783w\" sizes=\"auto, (max-width: 348px) 100vw, 348px\" \/><\/a><\/p>\n<p>Enfin de retour : Netti Kuhl. Apr\u00e8s sa pause estivale Netti pr\u00e9sente ses derni\u00e8res cr\u00e9ations en tissus, en images, en exp\u00e9rimentations&#8230;<\/p>\n<p>https:\/\/westfach.de\/netti-kuhl\/<\/p>\n","protected":false},"excerpt":{"rendered":"<p>Enfin de retour : Netti Kuhl. Apr\u00e8s sa pause estivale Netti pr\u00e9sente ses derni\u00e8res cr\u00e9ations en tissus, en images, en exp\u00e9rimentations&#8230; https:\/\/westfach.de\/netti-kuhl\/<\/p>\n","protected":false},"author":2,"featured_media":0,"comment_status":"open","ping_status":"open","sticky":false,"template":"","format":"standard","meta":{"_bbp_topic_count":0,"_bbp_reply_count":0,"_bbp_total_topic_count":0,"_bbp_total_reply_count":0,"_bbp_voice_count":0,"_bbp_anonymous_reply_count":0,"_bbp_topic_count_hidden":0,"_bbp_reply_count_hidden":0,"_bbp_forum_subforum_count":0,"_crdt_document":"","_jetpack_memberships_contains_paid_content":false,"footnotes":""},"categories":[1],"tags":[],"class_list":["post-1167","post","type-post","status-publish","format-standard","hentry","category-allgemein"],"jetpack_featured_media_url":"","jetpack_sharing_enabled":true,"_links":{"self":[{"href":"https:\/\/westfach.de\/fr\/wp-json\/wp\/v2\/posts\/1167","targetHints":{"allow":["GET"]}}],"collection":[{"href":"https:\/\/westfach.de\/fr\/wp-json\/wp\/v2\/posts"}],"about":[{"href":"https:\/\/westfach.de\/fr\/wp-json\/wp\/v2\/types\/post"}],"author":[{"embeddable":true,"href":"https:\/\/westfach.de\/fr\/wp-json\/wp\/v2\/users\/2"}],"replies":[{"embeddable":true,"href":"https:\/\/westfach.de\/fr\/wp-json\/wp\/v2\/comments?post=1167"}],"version-history":[{"count":8,"href":"https:\/\/westfach.de\/fr\/wp-json\/wp\/v2\/posts\/1167\/revisions"}],"predecessor-version":[{"id":2080,"href":"https:\/\/westfach.de\/fr\/wp-json\/wp\/v2\/posts\/1167\/revisions\/2080"}],"wp:attachment":[{"href":"https:\/\/westfach.de\/fr\/wp-json\/wp\/v2\/media?parent=1167"}],"wp:term":[{"taxonomy":"category","embeddable":true,"href":"https:\/\/westfach.de\/fr\/wp-json\/wp\/v2\/categories?post=1167"},{"taxonomy":"post_tag","embeddable":true,"href":"https:\/\/westfach.de\/fr\/wp-json\/wp\/v2\/tags?post=1167"}],"curies":[{"name":"wp","href":"https:\/\/api.w.org\/{rel}","templated":true}]}}