{"id":2347,"date":"2020-11-28T23:06:43","date_gmt":"2020-11-28T22:06:43","guid":{"rendered":"https:\/\/westfach.de\/?p=2347"},"modified":"2020-11-28T23:10:31","modified_gmt":"2020-11-28T22:10:31","slug":"tischkaertchen-von-katrin-park-winteredition","status":"publish","type":"post","link":"https:\/\/westfach.de\/en\/tischkaertchen-von-katrin-park-winteredition\/","title":{"rendered":"Tischk\u00e4rtchen von Katrin Park &#8220;Winteredition&#8221;"},"content":{"rendered":"<p><a href=\"https:\/\/westfach.de\/wp-content\/uploads\/2020\/11\/IMG_8764.jpg\"><img loading=\"lazy\" decoding=\"async\" class=\"alignnone wp-image-2348\" src=\"https:\/\/westfach.de\/wp-content\/uploads\/2020\/11\/IMG_8764-225x300.jpg\" alt=\"\" width=\"305\" height=\"407\" srcset=\"https:\/\/westfach.de\/wp-content\/uploads\/2020\/11\/IMG_8764-225x300.jpg 225w, https:\/\/westfach.de\/wp-content\/uploads\/2020\/11\/IMG_8764-768x1024.jpg 768w, https:\/\/westfach.de\/wp-content\/uploads\/2020\/11\/IMG_8764.jpg 1024w\" sizes=\"auto, (max-width: 305px) 100vw, 305px\" \/><\/a><\/p>\n<p>Passend zur Jahreszeit und zu den Anl\u00e4ssen bring Katrin Park die Winteredition ihrer auf Bl\u00fctenpapier von Hand geschnittenen Tischk\u00e4rtchen in unser Ladengesch\u00e4ft. Nach dem Motto &#8220;um so Kleiner &#8211; um so Feiner&#8221; machen wir es uns gem\u00fctlich und besinnlich zugleich&#8230;<\/p>\n","protected":false},"excerpt":{"rendered":"<p>Passend zur Jahreszeit und zu den Anl\u00e4ssen bring Katrin Park die Winteredition ihrer auf Bl\u00fctenpapier von Hand geschnittenen Tischk\u00e4rtchen in unser Ladengesch\u00e4ft. Nach dem Motto &#8220;um so Kleiner &#8211; um so Feiner&#8221; machen wir es uns gem\u00fctlich und besinnlich zugleich&#8230;<\/p>\n","protected":false},"author":2,"featured_media":0,"comment_status":"open","ping_status":"open","sticky":false,"template":"","format":"standard","meta":{"_bbp_topic_count":0,"_bbp_reply_count":0,"_bbp_total_topic_count":0,"_bbp_total_reply_count":0,"_bbp_voice_count":0,"_bbp_anonymous_reply_count":0,"_bbp_topic_count_hidden":0,"_bbp_reply_count_hidden":0,"_bbp_forum_subforum_count":0,"_crdt_document":"","_jetpack_memberships_contains_paid_content":false,"footnotes":""},"categories":[1],"tags":[236,240,237,238,239],"class_list":["post-2347","post","type-post","status-publish","format-standard","hentry","category-allgemein","tag-katrin","tag-papier","tag-park","tag-tichkarten","tag-tischkaertchen"],"jetpack_featured_media_url":"","jetpack_sharing_enabled":true,"_links":{"self":[{"href":"https:\/\/westfach.de\/en\/wp-json\/wp\/v2\/posts\/2347","targetHints":{"allow":["GET"]}}],"collection":[{"href":"https:\/\/westfach.de\/en\/wp-json\/wp\/v2\/posts"}],"about":[{"href":"https:\/\/westfach.de\/en\/wp-json\/wp\/v2\/types\/post"}],"author":[{"embeddable":true,"href":"https:\/\/westfach.de\/en\/wp-json\/wp\/v2\/users\/2"}],"replies":[{"embeddable":true,"href":"https:\/\/westfach.de\/en\/wp-json\/wp\/v2\/comments?post=2347"}],"version-history":[{"count":3,"href":"https:\/\/westfach.de\/en\/wp-json\/wp\/v2\/posts\/2347\/revisions"}],"predecessor-version":[{"id":2351,"href":"https:\/\/westfach.de\/en\/wp-json\/wp\/v2\/posts\/2347\/revisions\/2351"}],"wp:attachment":[{"href":"https:\/\/westfach.de\/en\/wp-json\/wp\/v2\/media?parent=2347"}],"wp:term":[{"taxonomy":"category","embeddable":true,"href":"https:\/\/westfach.de\/en\/wp-json\/wp\/v2\/categories?post=2347"},{"taxonomy":"post_tag","embeddable":true,"href":"https:\/\/westfach.de\/en\/wp-json\/wp\/v2\/tags?post=2347"}],"curies":[{"name":"wp","href":"https:\/\/api.w.org\/{rel}","templated":true}]}}