{"id":1807,"date":"2017-09-22T10:10:47","date_gmt":"2017-09-22T08:10:47","guid":{"rendered":"https:\/\/westfach.de\/?p=1807"},"modified":"2020-10-17T00:21:25","modified_gmt":"2020-10-16T22:21:25","slug":"projekt-koerperwortwechsel","status":"publish","type":"post","link":"https:\/\/westfach.de\/en\/projekt-koerperwortwechsel\/","title":{"rendered":"Projekt &#8220;K\u00f6rperwortwechsel&#8221;"},"content":{"rendered":"<p><a href=\"https:\/\/westfach.de\/wp-content\/uploads\/2017\/09\/26814539_591345337874930_1826385378809546518_n.jpg\"><img loading=\"lazy\" decoding=\"async\" class=\"alignnone wp-image-2038\" src=\"https:\/\/westfach.de\/wp-content\/uploads\/2017\/09\/26814539_591345337874930_1826385378809546518_n-300x300.jpg\" alt=\"\" width=\"358\" height=\"358\" srcset=\"https:\/\/westfach.de\/wp-content\/uploads\/2017\/09\/26814539_591345337874930_1826385378809546518_n-300x300.jpg 300w, https:\/\/westfach.de\/wp-content\/uploads\/2017\/09\/26814539_591345337874930_1826385378809546518_n-150x150.jpg 150w, https:\/\/westfach.de\/wp-content\/uploads\/2017\/09\/26814539_591345337874930_1826385378809546518_n-768x768.jpg 768w, https:\/\/westfach.de\/wp-content\/uploads\/2017\/09\/26814539_591345337874930_1826385378809546518_n.jpg 960w\" sizes=\"auto, (max-width: 358px) 100vw, 358px\" \/><\/a><\/p>\n<p><strong>Texte aus K\u00f6rpertageb\u00fcchern und Fotografien von K\u00f6rpern im Versuch sich dem Thema aus diversen Perspektiven zu n\u00e4hern.<\/strong><\/p>\n<p><!--more--><\/p>\n<p><strong>Angeboten werden das Buch zum Projekt, Postkarten, sowie einzelne Fotografien.<\/strong><\/p>\n<p><strong>Vom Kollektiv \u201epuhmunkelt\u201c &#8211; Mim Schneider und Sophia Richter.<\/strong><\/p>\n<p><a href=\"https:\/\/westfach.de\/wp-content\/uploads\/2017\/09\/kww-a-6.jpg\"><img loading=\"lazy\" decoding=\"async\" class=\"alignnone size-medium wp-image-2047\" src=\"https:\/\/westfach.de\/wp-content\/uploads\/2017\/09\/kww-a-6-300x213.jpg\" alt=\"\" width=\"300\" height=\"213\" srcset=\"https:\/\/westfach.de\/wp-content\/uploads\/2017\/09\/kww-a-6-300x213.jpg 300w, https:\/\/westfach.de\/wp-content\/uploads\/2017\/09\/kww-a-6-1024x728.jpg 1024w, https:\/\/westfach.de\/wp-content\/uploads\/2017\/09\/kww-a-6-768x546.jpg 768w, https:\/\/westfach.de\/wp-content\/uploads\/2017\/09\/kww-a-6-1536x1092.jpg 1536w, https:\/\/westfach.de\/wp-content\/uploads\/2017\/09\/kww-a-6.jpg 1600w\" sizes=\"auto, (max-width: 300px) 100vw, 300px\" \/><\/a><\/p>\n<p><strong>N\u00e4chste Ausstellungstermine sind:\u00a0\u00a0\u00a0\u00a0\u00a0\u00a0<\/strong><\/p>\n<p><strong>10.11-12.11.2017 Dresden\u00a0\u00a0\u00a0\u00a0\u00a0\u00a0\u00a0\u00a0\u00a0\u00a0\u00a0\u00a0\u00a0\u00a0\u00a0\u00a0\u00a0\u00a0\u00a0\u00a0\u00a0\u00a0\u00a0\u00a0\u00a0\u00a0\u00a0\u00a0\u00a0\u00a0\u00a0\u00a0\u00a0\u00a0\u00a0\u00a0\u00a0\u00a0\u00a0\u00a0\u00a0\u00a0\u00a0\u00a0\u00a0\u00a0\u00a0\u00a0\u00a0\u00a0\u00a0\u00a0\u00a0\u00a0\u00a0\u00a0\u00a0\u00a0\u00a0\u00a0\u00a0 12.01-14.01.2018 Weimar\u00a0\u00a0\u00a0\u00a0\u00a0\u00a0\u00a0\u00a0\u00a0\u00a0\u00a0\u00a0\u00a0\u00a0\u00a0\u00a0\u00a0\u00a0\u00a0\u00a0\u00a0\u00a0\u00a0\u00a0\u00a0\u00a0\u00a0\u00a0\u00a0\u00a0\u00a0\u00a0\u00a0\u00a0\u00a0\u00a0\u00a0\u00a0\u00a0\u00a0\u00a0\u00a0\u00a0\u00a0\u00a0\u00a0\u00a0\u00a0\u00a0\u00a0\u00a0\u00a0\u00a0\u00a0\u00a0\u00a0\u00a0\u00a0\u00a0\u00a0\u00a0\u00a0\u00a0\u00a0\u00a0\u00a0\u00a0\u00a0\u00a0\u00a0\u00a0\u00a0\u00a0\u00a0\u00a0\u00a0\u00a0\u00a0\u00a0\u00a0\u00a0\u00a0\u00a0 09.05-16.05.2018 M\u00fcnchen<\/strong><\/p>\n<p><a href=\"https:\/\/westfach.de\/wp-content\/uploads\/2017\/09\/karte1.png\"><img loading=\"lazy\" decoding=\"async\" class=\"alignnone size-medium wp-image-2048\" src=\"https:\/\/westfach.de\/wp-content\/uploads\/2017\/09\/karte1-300x188.png\" alt=\"\" width=\"300\" height=\"188\" srcset=\"https:\/\/westfach.de\/wp-content\/uploads\/2017\/09\/karte1-300x188.png 300w, https:\/\/westfach.de\/wp-content\/uploads\/2017\/09\/karte1-768x482.png 768w, https:\/\/westfach.de\/wp-content\/uploads\/2017\/09\/karte1.png 793w\" sizes=\"auto, (max-width: 300px) 100vw, 300px\" \/><\/a><\/p>\n<p><a class=\"mailto-link\" href=\"mailto:koerperwortwechsel@gmx.de\" target=\"_blank\" rel=\"noopener noreferrer\">koerperwortwechsel@gmx.de<\/a><br \/>\n<a href=\"http:\/\/www.facebook.com\/koerperwortwechsel\/\" target=\"_blank\" rel=\"noopener noreferrer\">www.facebook.com\/koerperwortwechsel\/<\/a><\/p>\n<p><a href=\"https:\/\/westfach.de\/wp-content\/uploads\/2017\/09\/karte2.png\"><img loading=\"lazy\" decoding=\"async\" class=\"alignnone size-medium wp-image-2049\" src=\"https:\/\/westfach.de\/wp-content\/uploads\/2017\/09\/karte2-300x184.png\" alt=\"\" width=\"300\" height=\"184\" srcset=\"https:\/\/westfach.de\/wp-content\/uploads\/2017\/09\/karte2-300x184.png 300w, https:\/\/westfach.de\/wp-content\/uploads\/2017\/09\/karte2-768x470.png 768w, https:\/\/westfach.de\/wp-content\/uploads\/2017\/09\/karte2.png 795w\" sizes=\"auto, (max-width: 300px) 100vw, 300px\" \/><\/a><\/p>\n","protected":false},"excerpt":{"rendered":"<p>Texte aus K\u00f6rpertageb\u00fcchern und Fotografien von K\u00f6rpern im Versuch sich dem Thema aus diversen Perspektiven zu n\u00e4hern.<\/p>\n","protected":false},"author":2,"featured_media":0,"comment_status":"open","ping_status":"open","sticky":false,"template":"","format":"standard","meta":{"_bbp_topic_count":0,"_bbp_reply_count":0,"_bbp_total_topic_count":0,"_bbp_total_reply_count":0,"_bbp_voice_count":0,"_bbp_anonymous_reply_count":0,"_bbp_topic_count_hidden":0,"_bbp_reply_count_hidden":0,"_bbp_forum_subforum_count":0,"_crdt_document":"","_jetpack_memberships_contains_paid_content":false,"footnotes":""},"categories":[1],"tags":[],"class_list":["post-1807","post","type-post","status-publish","format-standard","hentry","category-allgemein"],"jetpack_featured_media_url":"","jetpack_sharing_enabled":true,"_links":{"self":[{"href":"https:\/\/westfach.de\/en\/wp-json\/wp\/v2\/posts\/1807","targetHints":{"allow":["GET"]}}],"collection":[{"href":"https:\/\/westfach.de\/en\/wp-json\/wp\/v2\/posts"}],"about":[{"href":"https:\/\/westfach.de\/en\/wp-json\/wp\/v2\/types\/post"}],"author":[{"embeddable":true,"href":"https:\/\/westfach.de\/en\/wp-json\/wp\/v2\/users\/2"}],"replies":[{"embeddable":true,"href":"https:\/\/westfach.de\/en\/wp-json\/wp\/v2\/comments?post=1807"}],"version-history":[{"count":8,"href":"https:\/\/westfach.de\/en\/wp-json\/wp\/v2\/posts\/1807\/revisions"}],"predecessor-version":[{"id":2050,"href":"https:\/\/westfach.de\/en\/wp-json\/wp\/v2\/posts\/1807\/revisions\/2050"}],"wp:attachment":[{"href":"https:\/\/westfach.de\/en\/wp-json\/wp\/v2\/media?parent=1807"}],"wp:term":[{"taxonomy":"category","embeddable":true,"href":"https:\/\/westfach.de\/en\/wp-json\/wp\/v2\/categories?post=1807"},{"taxonomy":"post_tag","embeddable":true,"href":"https:\/\/westfach.de\/en\/wp-json\/wp\/v2\/tags?post=1807"}],"curies":[{"name":"wp","href":"https:\/\/api.w.org\/{rel}","templated":true}]}}