{"id":1118,"date":"2016-09-22T00:41:15","date_gmt":"2016-09-21T22:41:15","guid":{"rendered":"https:\/\/westfach.de\/?p=1118"},"modified":"2020-10-18T23:04:12","modified_gmt":"2020-10-18T21:04:12","slug":"einheitsware-och-noe","status":"publish","type":"post","link":"https:\/\/westfach.de\/en\/einheitsware-och-noe\/","title":{"rendered":"Einheitsware? &#8211; Och n\u00f6!"},"content":{"rendered":"<p><a href=\"https:\/\/westfach.de\/wp-content\/uploads\/2016\/09\/DSC_5845.jpg\"><img loading=\"lazy\" decoding=\"async\" class=\"alignnone  wp-image-2083\" src=\"https:\/\/westfach.de\/wp-content\/uploads\/2016\/09\/DSC_5845-300x200.jpg\" alt=\"\" width=\"342\" height=\"228\" srcset=\"https:\/\/westfach.de\/wp-content\/uploads\/2016\/09\/DSC_5845-300x200.jpg 300w, https:\/\/westfach.de\/wp-content\/uploads\/2016\/09\/DSC_5845-1024x684.jpg 1024w, https:\/\/westfach.de\/wp-content\/uploads\/2016\/09\/DSC_5845-768x513.jpg 768w, https:\/\/westfach.de\/wp-content\/uploads\/2016\/09\/DSC_5845-1536x1025.jpg 1536w, https:\/\/westfach.de\/wp-content\/uploads\/2016\/09\/DSC_5845.jpg 1600w\" sizes=\"auto, (max-width: 342px) 100vw, 342px\" \/><\/a><a href=\"https:\/\/westfach.de\/wp-content\/uploads\/2016\/09\/DSC_4303.jpg\"><br \/>\n<\/a><\/p>\n<p>Wie schmeckt mein Tee, mein Kaffee, aus einer individuellen Tasse? Probieren Sie sich aus und kaufen Sie\u00a0 Ihr Geschirr bei uns. <em>(unverbindliche Empfehlung der WESTFACH &#8211; Warenberatung)<\/em><\/p>\n<p>Kerstin Adler bietet ein\/ihr Sortiment an, an dem es nichts zu r\u00fctteln und nichts zu sch\u00fctteln gibt. Eine Auswahl von Hand gefertigter Einzelproduktionen, die es weder bei schwedischen M\u00f6belh\u00e4usern noch im staatlich gef\u00f6rderten Versandhandel zu finden gibt. Und dabei kann Frau Adler k\u00fcnstlerisch noch einiges mehr.<\/p>\n<p><span style=\"color: #808080;\"><a style=\"color: #808080;\" href=\"https:\/\/westfach.de\/kerstin-adler\/#more-2084\"><strong>Kerstin Adler<\/strong><\/a><\/span><\/p>\n","protected":false},"excerpt":{"rendered":"<p>Wie schmeckt mein Tee, mein Kaffee, aus einer individuellen Tasse? Probieren Sie sich aus und kaufen Sie\u00a0 Ihr Geschirr bei uns. (unverbindliche Empfehlung der WESTFACH &#8211; Warenberatung) Kerstin Adler bietet ein\/ihr Sortiment an, an dem es nichts zu r\u00fctteln und nichts zu sch\u00fctteln gibt. Eine Auswahl von Hand gefertigter Einzelproduktionen, die es weder bei schwedischen &hellip; <a href=\"https:\/\/westfach.de\/en\/einheitsware-och-noe\/\" class=\"more-link\">Continue reading <span class=\"screen-reader-text\">Einheitsware? &#8211; Och n\u00f6!<\/span><\/a><\/p>\n","protected":false},"author":2,"featured_media":0,"comment_status":"open","ping_status":"open","sticky":false,"template":"","format":"standard","meta":{"_bbp_topic_count":0,"_bbp_reply_count":0,"_bbp_total_topic_count":0,"_bbp_total_reply_count":0,"_bbp_voice_count":0,"_bbp_anonymous_reply_count":0,"_bbp_topic_count_hidden":0,"_bbp_reply_count_hidden":0,"_bbp_forum_subforum_count":0,"_crdt_document":"","_jetpack_memberships_contains_paid_content":false,"footnotes":""},"categories":[1],"tags":[],"class_list":["post-1118","post","type-post","status-publish","format-standard","hentry","category-allgemein"],"jetpack_featured_media_url":"","jetpack_sharing_enabled":true,"_links":{"self":[{"href":"https:\/\/westfach.de\/en\/wp-json\/wp\/v2\/posts\/1118","targetHints":{"allow":["GET"]}}],"collection":[{"href":"https:\/\/westfach.de\/en\/wp-json\/wp\/v2\/posts"}],"about":[{"href":"https:\/\/westfach.de\/en\/wp-json\/wp\/v2\/types\/post"}],"author":[{"embeddable":true,"href":"https:\/\/westfach.de\/en\/wp-json\/wp\/v2\/users\/2"}],"replies":[{"embeddable":true,"href":"https:\/\/westfach.de\/en\/wp-json\/wp\/v2\/comments?post=1118"}],"version-history":[{"count":6,"href":"https:\/\/westfach.de\/en\/wp-json\/wp\/v2\/posts\/1118\/revisions"}],"predecessor-version":[{"id":2091,"href":"https:\/\/westfach.de\/en\/wp-json\/wp\/v2\/posts\/1118\/revisions\/2091"}],"wp:attachment":[{"href":"https:\/\/westfach.de\/en\/wp-json\/wp\/v2\/media?parent=1118"}],"wp:term":[{"taxonomy":"category","embeddable":true,"href":"https:\/\/westfach.de\/en\/wp-json\/wp\/v2\/categories?post=1118"},{"taxonomy":"post_tag","embeddable":true,"href":"https:\/\/westfach.de\/en\/wp-json\/wp\/v2\/tags?post=1118"}],"curies":[{"name":"wp","href":"https:\/\/api.w.org\/{rel}","templated":true}]}}